{"id":21322,"date":"2026-09-02T09:37:45","date_gmt":"2026-09-02T13:37:45","guid":{"rendered":"https:\/\/www.guaynabocity.gov.pr\/?post_type=noticias&#038;p=21322"},"modified":"2026-09-02T09:37:45","modified_gmt":"2026-09-02T13:37:45","slug":"amelia-disfruta-de-las-fiestas-de-santa-rosa-de-lima","status":"publish","type":"noticias","link":"https:\/\/www.guaynabocity.gov.pr\/en\/noticias\/amelia-disfruta-de-las-fiestas-de-santa-rosa-de-lima\/","title":{"rendered":"Amelia disfruta de las Fiestas de Santa Rosa de Lima"},"content":{"rendered":"<p>Guaynabo se encendi\u00f3 de alegr\u00eda, m\u00fasica y tradici\u00f3n durante dos d\u00edas de celebraci\u00f3n en honor a Santa Rosa de Lima. La tradicional fiesta de pueblo reuni\u00f3 a residentes de la comunidad de Amelia, vecinos de sectores aleda\u00f1os y visitantes procedentes de distintos municipios de la Isla.<\/p>\n<p>El alcalde de Guaynabo, Edward A. O\u2019Neill Rosa, destac\u00f3 el car\u00e1cter comunitario de la celebraci\u00f3n, que tuvo como escenario la Cancha Rafael Rexach, en el barrio Amelia, donde la ciudadan\u00eda disfrut\u00f3 de un variado programa que combin\u00f3 actividades religiosas, homenajes, m\u00fasica en vivo, gastronom\u00eda, artesan\u00edas y entretenimiento para toda la familia.<\/p>\n<p>La festividad cont\u00f3 con un programa religioso que incluy\u00f3 la tradicional Misa Solemne en honor a Santa Rosa de Lima, reafirmando la importancia de la fe y las tradiciones que forman parte de la identidad de la comunidad.<\/p>\n<p>Como parte del programa art\u00edstico y familiar, el p\u00fablico disfrut\u00f3 de las presentaciones de la Agrupaci\u00f3n Gracim\u00e1, la Escuela de Bomba y Plena Do\u00f1a Caridad Brenes de Cepeda, as\u00ed como de un concurrido torneo de domin\u00f3. Tambi\u00e9n dijeron presente Caras con Causa, Jonny Prieto 100 x 35 y Alambre Dulce, mientras que el cierre musical estuvo a cargo de Junny Ramos y su Orquesta, poniendo a bailar a los presentes.<\/p>\n<p>Uno de los momentos m\u00e1s emotivos de la celebraci\u00f3n fue la ceremonia de reconocimiento \u201cDistinguidos Ciudadanos\u201d, mediante la cual se rindi\u00f3 homenaje a tres destacados miembros de la comunidad de Amelia: Edgardo \u201cPancholo\u201d Ocasio Negr\u00f3n, Diego Jos\u00e9 Marrero Cuevas y Paola Mia Rodr\u00edguez Guzm\u00e1n, por sus aportaciones y compromiso con su comunidad.<\/p>\n<p>\u201cDurante ambos d\u00edas disfrutamos de nuestra comida local, artesan\u00edas, m\u00fasica en vivo y actividades para ni\u00f1os, j\u00f3venes, adultos y toda la ciudadan\u00eda. Fue una verdadera celebraci\u00f3n comunitaria en la que nos unimos para honrar nuestras tradiciones y reconocer a tres distinguidas figuras de nuestra comunidad de Amelia. La Fiesta de Santa Rosa de Lima representa la fe, la cultura y ese sentido de hermandad que distingue a nuestra Ciudad Cinco Estrellas, Guaynabo, y a esta administraci\u00f3n\u201d, concluy\u00f3 el alcalde Edward A. O\u2019Neill Rosa.<\/p>\n<p><a href=\"https:\/\/www.facebook.com\/share\/p\/1CCRgHaMkt\/\">https:\/\/www.facebook.com\/share\/p\/1CCRgHaMkt\/<\/a><\/p>\n<p>&nbsp;<\/p>\n<p>&nbsp;<\/p>","protected":false},"featured_media":21325,"template":"","meta":{"site-sidebar-layout":"default","site-content-layout":"","ast-site-content-layout":"default","site-content-style":"default","site-sidebar-style":"default","ast-global-header-display":"","ast-banner-title-visibility":"","ast-main-header-display":"","ast-hfb-above-header-display":"","ast-hfb-below-header-display":"","ast-hfb-mobile-header-display":"","site-post-title":"","ast-breadcrumbs-content":"","ast-featured-img":"","footer-sml-layout":"","ast-disable-related-posts":"","theme-transparent-header-meta":"default","adv-header-id-meta":"","stick-header-meta":"","header-above-stick-meta":"","header-main-stick-meta":"","header-below-stick-meta":"","astra-migrate-meta-layouts":"set","ast-page-background-enabled":"default","ast-page-background-meta":{"desktop":{"background-color":"var(--ast-global-color-4)","background-image":"","background-repeat":"repeat","background-position":"center center","background-size":"auto","background-attachment":"scroll","background-type":"","background-media":"","overlay-type":"","overlay-color":"","overlay-opacity":"","overlay-gradient":""},"tablet":{"background-color":"","background-image":"","background-repeat":"repeat","background-position":"center center","background-size":"auto","background-attachment":"scroll","background-type":"","background-media":"","overlay-type":"","overlay-color":"","overlay-opacity":"","overlay-gradient":""},"mobile":{"background-color":"","background-image":"","background-repeat":"repeat","background-position":"center center","background-size":"auto","background-attachment":"scroll","background-type":"","background-media":"","overlay-type":"","overlay-color":"","overlay-opacity":"","overlay-gradient":""}},"ast-content-background-meta":{"desktop":{"background-color":"var(--ast-global-color-5)","background-image":"","background-repeat":"repeat","background-position":"center center","background-size":"auto","background-attachment":"scroll","background-type":"","background-media":"","overlay-type":"","overlay-color":"","overlay-opacity":"","overlay-gradient":""},"tablet":{"background-color":"var(--ast-global-color-5)","background-image":"","background-repeat":"repeat","background-position":"center center","background-size":"auto","background-attachment":"scroll","background-type":"","background-media":"","overlay-type":"","overlay-color":"","overlay-opacity":"","overlay-gradient":""},"mobile":{"background-color":"var(--ast-global-color-5)","background-image":"","background-repeat":"repeat","background-position":"center center","background-size":"auto","background-attachment":"scroll","background-type":"","background-media":"","overlay-type":"","overlay-color":"","overlay-opacity":"","overlay-gradient":""}},"footnotes":""},"class_list":["post-21322","noticias","type-noticias","status-publish","has-post-thumbnail","hentry"],"yoast_head":"<!-- This site is optimized with the Yoast SEO plugin v28.1 - https:\/\/yoast.com\/product\/yoast-seo-wordpress\/ -->\n<title>Amelia disfruta de las Fiestas de Santa Rosa de Lima - Municipio Aut\u00f3nomo de Guaynabo<\/title>\n<meta name=\"robots\" content=\"noindex, follow\" \/>\n<meta property=\"og:locale\" content=\"en_US\" \/>\n<meta property=\"og:type\" content=\"article\" \/>\n<meta property=\"og:title\" content=\"Amelia disfruta de las Fiestas de Santa Rosa de Lima - Municipio Aut\u00f3nomo de Guaynabo\" \/>\n<meta property=\"og:description\" content=\"Guaynabo se encendi\u00f3 de alegr\u00eda, m\u00fasica y tradici\u00f3n durante dos d\u00edas de celebraci\u00f3n en honor a Santa Rosa de Lima. La tradicional fiesta de pueblo reuni\u00f3 a residentes de la comunidad de Amelia, vecinos de sectores aleda\u00f1os y visitantes procedentes de distintos municipios de la Isla. El alcalde de Guaynabo, Edward A. O\u2019Neill Rosa, destac\u00f3 [&hellip;]\" \/>\n<meta property=\"og:url\" content=\"https:\/\/www.guaynabocity.gov.pr\/en\/noticias\/amelia-disfruta-de-las-fiestas-de-santa-rosa-de-lima\/\" \/>\n<meta property=\"og:site_name\" content=\"Municipio Aut\u00f3nomo de Guaynabo\" \/>\n<meta property=\"article:publisher\" content=\"https:\/\/www.facebook.com\/MunGuaynabo\/\" \/>\n<meta property=\"og:image\" content=\"https:\/\/www.guaynabocity.gov.pr\/wp-content\/uploads\/2026\/08\/Untitled-design-1-1024x427.png\" \/>\n\t<meta property=\"og:image:width\" content=\"1024\" \/>\n\t<meta property=\"og:image:height\" content=\"427\" \/>\n\t<meta property=\"og:image:type\" content=\"image\/png\" \/>\n<meta name=\"twitter:card\" content=\"summary_large_image\" \/>\n<meta name=\"twitter:label1\" content=\"Est. reading time\" \/>\n\t<meta name=\"twitter:data1\" content=\"2 minutes\" \/>\n<script type=\"application\/ld+json\" class=\"yoast-schema-graph\">{\"@context\":\"https:\\\/\\\/schema.org\",\"@graph\":[{\"@type\":\"WebPage\",\"@id\":\"https:\\\/\\\/www.guaynabocity.gov.pr\\\/noticias\\\/amelia-disfruta-de-las-fiestas-de-santa-rosa-de-lima\\\/\",\"url\":\"https:\\\/\\\/www.guaynabocity.gov.pr\\\/noticias\\\/amelia-disfruta-de-las-fiestas-de-santa-rosa-de-lima\\\/\",\"name\":\"Amelia disfruta de las Fiestas de Santa Rosa de Lima - Municipio Aut\u00f3nomo de Guaynabo\",\"isPartOf\":{\"@id\":\"https:\\\/\\\/www.guaynabocity.gov.pr\\\/#website\"},\"primaryImageOfPage\":{\"@id\":\"https:\\\/\\\/www.guaynabocity.gov.pr\\\/noticias\\\/amelia-disfruta-de-las-fiestas-de-santa-rosa-de-lima\\\/#primaryimage\"},\"image\":{\"@id\":\"https:\\\/\\\/www.guaynabocity.gov.pr\\\/noticias\\\/amelia-disfruta-de-las-fiestas-de-santa-rosa-de-lima\\\/#primaryimage\"},\"thumbnailUrl\":\"\\\/wp-content\\\/uploads\\\/2026\\\/08\\\/Untitled-design-1.png\",\"datePublished\":\"2026-09-02T13:37:45+00:00\",\"breadcrumb\":{\"@id\":\"https:\\\/\\\/www.guaynabocity.gov.pr\\\/noticias\\\/amelia-disfruta-de-las-fiestas-de-santa-rosa-de-lima\\\/#breadcrumb\"},\"inLanguage\":\"en-US\",\"potentialAction\":[{\"@type\":\"ReadAction\",\"target\":[\"https:\\\/\\\/www.guaynabocity.gov.pr\\\/noticias\\\/amelia-disfruta-de-las-fiestas-de-santa-rosa-de-lima\\\/\"]}]},{\"@type\":\"ImageObject\",\"inLanguage\":\"en-US\",\"@id\":\"https:\\\/\\\/www.guaynabocity.gov.pr\\\/noticias\\\/amelia-disfruta-de-las-fiestas-de-santa-rosa-de-lima\\\/#primaryimage\",\"url\":\"\\\/wp-content\\\/uploads\\\/2026\\\/08\\\/Untitled-design-1.png\",\"contentUrl\":\"\\\/wp-content\\\/uploads\\\/2026\\\/08\\\/Untitled-design-1.png\",\"width\":1440,\"height\":600},{\"@type\":\"BreadcrumbList\",\"@id\":\"https:\\\/\\\/www.guaynabocity.gov.pr\\\/noticias\\\/amelia-disfruta-de-las-fiestas-de-santa-rosa-de-lima\\\/#breadcrumb\",\"itemListElement\":[{\"@type\":\"ListItem\",\"position\":1,\"name\":\"Home\",\"item\":\"https:\\\/\\\/www.guaynabocity.gov.pr\\\/\"},{\"@type\":\"ListItem\",\"position\":2,\"name\":\"Noticias\",\"item\":\"https:\\\/\\\/www.guaynabocity.gov.pr\\\/en\\\/noticias\\\/\"},{\"@type\":\"ListItem\",\"position\":3,\"name\":\"Amelia disfruta de las Fiestas de Santa Rosa de Lima\"}]},{\"@type\":\"WebSite\",\"@id\":\"https:\\\/\\\/www.guaynabocity.gov.pr\\\/#website\",\"url\":\"https:\\\/\\\/www.guaynabocity.gov.pr\\\/\",\"name\":\"Municipio Aut\u00f3nomo de Guaynabo\",\"description\":\"\",\"publisher\":{\"@id\":\"https:\\\/\\\/www.guaynabocity.gov.pr\\\/#organization\"},\"potentialAction\":[{\"@type\":\"SearchAction\",\"target\":{\"@type\":\"EntryPoint\",\"urlTemplate\":\"https:\\\/\\\/www.guaynabocity.gov.pr\\\/?s={search_term_string}\"},\"query-input\":{\"@type\":\"PropertyValueSpecification\",\"valueRequired\":true,\"valueName\":\"search_term_string\"}}],\"inLanguage\":\"en-US\"},{\"@type\":\"Organization\",\"@id\":\"https:\\\/\\\/www.guaynabocity.gov.pr\\\/#organization\",\"name\":\"Municipio Aut\u00f3nomo de Guaynabo\",\"url\":\"https:\\\/\\\/www.guaynabocity.gov.pr\\\/\",\"logo\":{\"@type\":\"ImageObject\",\"inLanguage\":\"en-US\",\"@id\":\"https:\\\/\\\/www.guaynabocity.gov.pr\\\/#\\\/schema\\\/logo\\\/image\\\/\",\"url\":\"\\\/wp-content\\\/uploads\\\/2023\\\/12\\\/Escudo-version-2-1.webp\",\"contentUrl\":\"\\\/wp-content\\\/uploads\\\/2023\\\/12\\\/Escudo-version-2-1.webp\",\"width\":605,\"height\":626,\"caption\":\"Municipio Aut\u00f3nomo de Guaynabo\"},\"image\":{\"@id\":\"https:\\\/\\\/www.guaynabocity.gov.pr\\\/#\\\/schema\\\/logo\\\/image\\\/\"},\"sameAs\":[\"https:\\\/\\\/www.facebook.com\\\/MunGuaynabo\\\/\"]}]}<\/script>\n<!-- \/ Yoast SEO plugin. -->","yoast_head_json":{"title":"Amelia disfruta de las Fiestas de Santa Rosa de Lima - Municipio Aut\u00f3nomo de Guaynabo","robots":{"index":"noindex","follow":"follow"},"og_locale":"en_US","og_type":"article","og_title":"Amelia disfruta de las Fiestas de Santa Rosa de Lima - Municipio Aut\u00f3nomo de Guaynabo","og_description":"Guaynabo se encendi\u00f3 de alegr\u00eda, m\u00fasica y tradici\u00f3n durante dos d\u00edas de celebraci\u00f3n en honor a Santa Rosa de Lima. La tradicional fiesta de pueblo reuni\u00f3 a residentes de la comunidad de Amelia, vecinos de sectores aleda\u00f1os y visitantes procedentes de distintos municipios de la Isla. El alcalde de Guaynabo, Edward A. O\u2019Neill Rosa, destac\u00f3 [&hellip;]","og_url":"https:\/\/www.guaynabocity.gov.pr\/en\/noticias\/amelia-disfruta-de-las-fiestas-de-santa-rosa-de-lima\/","og_site_name":"Municipio Aut\u00f3nomo de Guaynabo","article_publisher":"https:\/\/www.facebook.com\/MunGuaynabo\/","og_image":[{"width":1024,"height":427,"url":"https:\/\/www.guaynabocity.gov.pr\/wp-content\/uploads\/2026\/08\/Untitled-design-1-1024x427.png","type":"image\/png"}],"twitter_card":"summary_large_image","twitter_misc":{"Est. reading time":"2 minutes"},"schema":{"@context":"https:\/\/schema.org","@graph":[{"@type":"WebPage","@id":"https:\/\/www.guaynabocity.gov.pr\/noticias\/amelia-disfruta-de-las-fiestas-de-santa-rosa-de-lima\/","url":"https:\/\/www.guaynabocity.gov.pr\/noticias\/amelia-disfruta-de-las-fiestas-de-santa-rosa-de-lima\/","name":"Amelia disfruta de las Fiestas de Santa Rosa de Lima - Municipio Aut\u00f3nomo de Guaynabo","isPartOf":{"@id":"https:\/\/www.guaynabocity.gov.pr\/#website"},"primaryImageOfPage":{"@id":"https:\/\/www.guaynabocity.gov.pr\/noticias\/amelia-disfruta-de-las-fiestas-de-santa-rosa-de-lima\/#primaryimage"},"image":{"@id":"https:\/\/www.guaynabocity.gov.pr\/noticias\/amelia-disfruta-de-las-fiestas-de-santa-rosa-de-lima\/#primaryimage"},"thumbnailUrl":"\/wp-content\/uploads\/2026\/08\/Untitled-design-1.png","datePublished":"2026-09-02T13:37:45+00:00","breadcrumb":{"@id":"https:\/\/www.guaynabocity.gov.pr\/noticias\/amelia-disfruta-de-las-fiestas-de-santa-rosa-de-lima\/#breadcrumb"},"inLanguage":"en-US","potentialAction":[{"@type":"ReadAction","target":["https:\/\/www.guaynabocity.gov.pr\/noticias\/amelia-disfruta-de-las-fiestas-de-santa-rosa-de-lima\/"]}]},{"@type":"ImageObject","inLanguage":"en-US","@id":"https:\/\/www.guaynabocity.gov.pr\/noticias\/amelia-disfruta-de-las-fiestas-de-santa-rosa-de-lima\/#primaryimage","url":"\/wp-content\/uploads\/2026\/08\/Untitled-design-1.png","contentUrl":"\/wp-content\/uploads\/2026\/08\/Untitled-design-1.png","width":1440,"height":600},{"@type":"BreadcrumbList","@id":"https:\/\/www.guaynabocity.gov.pr\/noticias\/amelia-disfruta-de-las-fiestas-de-santa-rosa-de-lima\/#breadcrumb","itemListElement":[{"@type":"ListItem","position":1,"name":"Home","item":"https:\/\/www.guaynabocity.gov.pr\/"},{"@type":"ListItem","position":2,"name":"Noticias","item":"https:\/\/www.guaynabocity.gov.pr\/en\/noticias\/"},{"@type":"ListItem","position":3,"name":"Amelia disfruta de las Fiestas de Santa Rosa de Lima"}]},{"@type":"WebSite","@id":"https:\/\/www.guaynabocity.gov.pr\/#website","url":"https:\/\/www.guaynabocity.gov.pr\/","name":"Autonomous Municipality of Guaynabo","description":"","publisher":{"@id":"https:\/\/www.guaynabocity.gov.pr\/#organization"},"potentialAction":[{"@type":"SearchAction","target":{"@type":"EntryPoint","urlTemplate":"https:\/\/www.guaynabocity.gov.pr\/?s={search_term_string}"},"query-input":{"@type":"PropertyValueSpecification","valueRequired":true,"valueName":"search_term_string"}}],"inLanguage":"en-US"},{"@type":"Organization","@id":"https:\/\/www.guaynabocity.gov.pr\/#organization","name":"Autonomous Municipality of Guaynabo","url":"https:\/\/www.guaynabocity.gov.pr\/","logo":{"@type":"ImageObject","inLanguage":"en-US","@id":"https:\/\/www.guaynabocity.gov.pr\/#\/schema\/logo\/image\/","url":"\/wp-content\/uploads\/2023\/12\/Escudo-version-2-1.webp","contentUrl":"\/wp-content\/uploads\/2023\/12\/Escudo-version-2-1.webp","width":605,"height":626,"caption":"Municipio Aut\u00f3nomo de Guaynabo"},"image":{"@id":"https:\/\/www.guaynabocity.gov.pr\/#\/schema\/logo\/image\/"},"sameAs":["https:\/\/www.facebook.com\/MunGuaynabo\/"]}]}},"_links":{"self":[{"href":"https:\/\/www.guaynabocity.gov.pr\/en\/wp-json\/wp\/v2\/noticias\/21322","targetHints":{"allow":["GET"]}}],"collection":[{"href":"https:\/\/www.guaynabocity.gov.pr\/en\/wp-json\/wp\/v2\/noticias"}],"about":[{"href":"https:\/\/www.guaynabocity.gov.pr\/en\/wp-json\/wp\/v2\/types\/noticias"}],"version-history":[{"count":1,"href":"https:\/\/www.guaynabocity.gov.pr\/en\/wp-json\/wp\/v2\/noticias\/21322\/revisions"}],"predecessor-version":[{"id":21326,"href":"https:\/\/www.guaynabocity.gov.pr\/en\/wp-json\/wp\/v2\/noticias\/21322\/revisions\/21326"}],"wp:featuredmedia":[{"embeddable":true,"href":"https:\/\/www.guaynabocity.gov.pr\/en\/wp-json\/wp\/v2\/media\/21325"}],"wp:attachment":[{"href":"https:\/\/www.guaynabocity.gov.pr\/en\/wp-json\/wp\/v2\/media?parent=21322"}],"curies":[{"name":"wp","href":"https:\/\/api.w.org\/{rel}","templated":true}]}}